{"id":583,"date":"2013-01-09T14:34:56","date_gmt":"2013-01-09T14:34:56","guid":{"rendered":"http:\/\/massakern.historiska.se\/?p=583"},"modified":"2026-03-30T17:57:58","modified_gmt":"2026-03-30T17:57:58","slug":"gravarna","status":"publish","type":"post","link":"https:\/\/massakern.historiska.se\/?p=583&handheld=true","title":{"rendered":"Fyra gravar"},"content":{"rendered":"<p><\/p>\n<h3>Fyra massgravar<\/h3>\n<p><span style=\"line-height: 1.5;\">Under 1900-talet f\u00f6rsta decennier uppt\u00e4cktes fyra massgravar vid Visby ringmur. Den f\u00f6rsta redan 1905. Den unders\u00f6ktes av arkeologen Oscar Wennersten och inneh\u00f6ll 256 skelett, t\u00e4tt sammanfl\u00e4tade. Av dessa var flera kl\u00e4dda i ringbrynjehuvor.<\/span><\/p>\n<p>Grav tv\u00e5 unders\u00f6ktes f\u00f6rsta g\u00e5ngen 1912, \u00e4ven den av Wennersten. Thordeman slutf\u00f6rde utgr\u00e4vningen av massgraven, som inneh\u00f6ll 798 skelett, 1928-1930. Ocks\u00e5 h\u00e4r l\u00e5g skeletten sammanfl\u00e4tade. Bland fynden i graven fanns bland annat tv\u00e5 pansarhandskar, en l\u00e4derpung med mynt, en jaktkniv och en silverring.<\/p>\n<p>I grav tre hittades 119 skelett av Thordeman under hans gr\u00e4vningar i slutet av 1920-talet. Delar av benfynden l\u00e5g nedsl\u00e4ngda som i de tv\u00e5 tidigare, medan andra var placerade p\u00e5 rad i \u00f6st-v\u00e4stlig riktning enligt kristen sed. Kanske var de s\u00e5rade i slaget som d\u00f6tt senare och begravdes under lugnare f\u00f6rh\u00e5llanden. En annan teori \u00e4r att de var danskar som f\u00e5tt en v\u00e4rdigare begravning. I denna tredje grav fanns f\u00e5 rustningsdelar och andra f\u00f6rem\u00e5l.<\/p>\n<p>En fj\u00e4rde grav uppt\u00e4cktes 1930. \u00d6verst l\u00e5g flera skelett p\u00e5 rad p\u00e5 samma s\u00e4tt som i grav tre. Endast ett \u00f6verarmsben med huggskador togs upp, resten av graven l\u00e4mnades or\u00f6rd.<\/p>","protected":false},"excerpt":{"rendered":"<p>Fyra massgravar Under 1900-talet f\u00f6rsta decennier uppt\u00e4cktes fyra massgravar vid Visby ringmur. Den f\u00f6rsta redan 1905. Den unders\u00f6ktes av arkeologen Oscar Wennersten och inneh\u00f6ll 256 skelett, t\u00e4tt sammanfl\u00e4tade. Av dessa var flera kl\u00e4dda i ringbrynjehuvor. Grav tv\u00e5 unders\u00f6ktes f\u00f6rsta g\u00e5ngen 1912, \u00e4ven den av Wennersten. Thordeman slutf\u00f6rde utgr\u00e4vningen av massgraven, som inneh\u00f6ll 798 skelett, 1928-1930. [&hellip;]<\/p>\n","protected":false},"author":3,"featured_media":0,"comment_status":"closed","ping_status":"closed","sticky":false,"template":"","format":"standard","meta":{"footnotes":""},"categories":[29],"tags":[6],"class_list":["post-583","post","type-post","status-publish","format-standard","hentry","category-xx-utgravningar-och-arkeologi","tag-las-mer"],"_links":{"self":[{"href":"https:\/\/massakern.historiska.se\/index.php?rest_route=\/wp\/v2\/posts\/583","targetHints":{"allow":["GET"]}}],"collection":[{"href":"https:\/\/massakern.historiska.se\/index.php?rest_route=\/wp\/v2\/posts"}],"about":[{"href":"https:\/\/massakern.historiska.se\/index.php?rest_route=\/wp\/v2\/types\/post"}],"author":[{"embeddable":true,"href":"https:\/\/massakern.historiska.se\/index.php?rest_route=\/wp\/v2\/users\/3"}],"replies":[{"embeddable":true,"href":"https:\/\/massakern.historiska.se\/index.php?rest_route=%2Fwp%2Fv2%2Fcomments&post=583"}],"version-history":[{"count":5,"href":"https:\/\/massakern.historiska.se\/index.php?rest_route=\/wp\/v2\/posts\/583\/revisions"}],"predecessor-version":[{"id":1598,"href":"https:\/\/massakern.historiska.se\/index.php?rest_route=\/wp\/v2\/posts\/583\/revisions\/1598"}],"wp:attachment":[{"href":"https:\/\/massakern.historiska.se\/index.php?rest_route=%2Fwp%2Fv2%2Fmedia&parent=583"}],"wp:term":[{"taxonomy":"category","embeddable":true,"href":"https:\/\/massakern.historiska.se\/index.php?rest_route=%2Fwp%2Fv2%2Fcategories&post=583"},{"taxonomy":"post_tag","embeddable":true,"href":"https:\/\/massakern.historiska.se\/index.php?rest_route=%2Fwp%2Fv2%2Ftags&post=583"}],"curies":[{"name":"wp","href":"https:\/\/api.w.org\/{rel}","templated":true}]}}