{"id":567,"date":"2013-01-04T17:00:02","date_gmt":"2013-01-04T17:00:02","guid":{"rendered":"http:\/\/massakern.historiska.se\/?p=567"},"modified":"2026-03-30T17:57:59","modified_gmt":"2026-03-30T17:57:59","slug":"strelow","status":"publish","type":"post","link":"https:\/\/massakern.historiska.se\/?p=567&handheld=true","title":{"rendered":"Strelow"},"content":{"rendered":"<p><\/p>\n<h3>Hans Nielss\u00f8n Strelow<\/h3>\n<p>Strelow var pr\u00e4st p\u00e5 Gotland och \u201dsuperintendent\u201d \u00f6ver Visby stift. Han levde under 1600-talets f\u00f6rsta h\u00e4lft.<\/p>\n<p>F\u00f6r efterv\u00e4rlden \u00e4r han mest ih\u00e5gkommen som f\u00f6rfattare till det historiska arbetet <strong>Chronica Guthilandorum<\/strong>, som trycktes 1633 i K\u00f6penhamn.<\/p>\n<p>I kr\u00f6nikan finns bland annat kung Magnus varningsbrev till Visby fr\u00e5n den 1 maj 1361. N\u00e5got original finns inte bevarat, men kanske hade Strelow tillg\u00e5ng till det, eller till en \u00e4ldre avskrift. H\u00e4r finns ocks\u00e5 detaljerade \u00e5rtal och siffror, som b\u00f6r l\u00e4sas kritiskt.<\/p>","protected":false},"excerpt":{"rendered":"<p>Hans Nielss\u00f8n Strelow Strelow var pr\u00e4st p\u00e5 Gotland och \u201dsuperintendent\u201d \u00f6ver Visby stift. Han levde under 1600-talets f\u00f6rsta h\u00e4lft. F\u00f6r efterv\u00e4rlden \u00e4r han mest ih\u00e5gkommen som f\u00f6rfattare till det historiska arbetet Chronica Guthilandorum, som trycktes 1633 i K\u00f6penhamn. I kr\u00f6nikan finns bland annat kung Magnus varningsbrev till Visby fr\u00e5n den 1 maj 1361. N\u00e5got original [&hellip;]<\/p>\n","protected":false},"author":3,"featured_media":0,"comment_status":"closed","ping_status":"closed","sticky":false,"template":"","format":"standard","meta":{"footnotes":""},"categories":[32],"tags":[6],"class_list":["post-567","post","type-post","status-publish","format-standard","hentry","category-xxiv-skriftliga-kallor","tag-las-mer"],"_links":{"self":[{"href":"https:\/\/massakern.historiska.se\/index.php?rest_route=\/wp\/v2\/posts\/567","targetHints":{"allow":["GET"]}}],"collection":[{"href":"https:\/\/massakern.historiska.se\/index.php?rest_route=\/wp\/v2\/posts"}],"about":[{"href":"https:\/\/massakern.historiska.se\/index.php?rest_route=\/wp\/v2\/types\/post"}],"author":[{"embeddable":true,"href":"https:\/\/massakern.historiska.se\/index.php?rest_route=\/wp\/v2\/users\/3"}],"replies":[{"embeddable":true,"href":"https:\/\/massakern.historiska.se\/index.php?rest_route=%2Fwp%2Fv2%2Fcomments&post=567"}],"version-history":[{"count":4,"href":"https:\/\/massakern.historiska.se\/index.php?rest_route=\/wp\/v2\/posts\/567\/revisions"}],"predecessor-version":[{"id":1501,"href":"https:\/\/massakern.historiska.se\/index.php?rest_route=\/wp\/v2\/posts\/567\/revisions\/1501"}],"wp:attachment":[{"href":"https:\/\/massakern.historiska.se\/index.php?rest_route=%2Fwp%2Fv2%2Fmedia&parent=567"}],"wp:term":[{"taxonomy":"category","embeddable":true,"href":"https:\/\/massakern.historiska.se\/index.php?rest_route=%2Fwp%2Fv2%2Fcategories&post=567"},{"taxonomy":"post_tag","embeddable":true,"href":"https:\/\/massakern.historiska.se\/index.php?rest_route=%2Fwp%2Fv2%2Ftags&post=567"}],"curies":[{"name":"wp","href":"https:\/\/api.w.org\/{rel}","templated":true}]}}