{"id":559,"date":"2013-01-07T16:49:19","date_gmt":"2013-01-07T16:49:19","guid":{"rendered":"http:\/\/massakern.historiska.se\/?p=559"},"modified":"2026-03-30T17:57:59","modified_gmt":"2026-03-30T17:57:59","slug":"minneskorset","status":"publish","type":"post","link":"https:\/\/massakern.historiska.se\/?p=559&handheld=true","title":{"rendered":"Minneskorset"},"content":{"rendered":"<p><\/p>\n<h3>Minneskorset vid \u201dKorsbetningen\u201d<\/h3>\n<p>Ett par decennier efter den danska invasionen, cirka 1380, restes ett minnekors utanf\u00f6r Visby. Korset st\u00e5r kvar \u00e4n i dag.<\/p>\n<p>Inskriptionen \u00e4r en av de tidigaste k\u00e4llorna och lyder p\u00e5 latin: &#8221;<em>Anno Domini MCCCLXI feria III post Jacobi ante portas Wisby in manibus Danorum ceciderunt Gutenses hic sepulti, orate pro eis!&#8221;<\/em><\/p>\n<p>I svensk \u00f6vers\u00e4ttning: <em>&#8221;I Herrens \u00e5r 1361 den 27 juli f\u00f6llo framf\u00f6r Visby portar i danskarnas h\u00e4nder de h\u00e4r begravda gutarna, bed f\u00f6r dem.&#8221;<\/em> (\u00d6vers\u00e4ttning fr\u00e5n Gun Westholms \u201dVisby 1361 Invasionen\u201d.)<\/p>\n<p>Omr\u00e5det d\u00e4r korset st\u00e5r och d\u00e4r massgravarna har hittats har genom historien varit betesmark f\u00f6r stadsbornas boskap. D\u00e4rf\u00f6r kallas det f\u00f6r Korsbetningen.<\/p>","protected":false},"excerpt":{"rendered":"<p>Minneskorset vid \u201dKorsbetningen\u201d Ett par decennier efter den danska invasionen, cirka 1380, restes ett minnekors utanf\u00f6r Visby. Korset st\u00e5r kvar \u00e4n i dag. Inskriptionen \u00e4r en av de tidigaste k\u00e4llorna och lyder p\u00e5 latin: &#8221;Anno Domini MCCCLXI feria III post Jacobi ante portas Wisby in manibus Danorum ceciderunt Gutenses hic sepulti, orate pro eis!&#8221; I [&hellip;]<\/p>\n","protected":false},"author":3,"featured_media":0,"comment_status":"closed","ping_status":"closed","sticky":false,"template":"","format":"standard","meta":{"footnotes":""},"categories":[32],"tags":[6],"class_list":["post-559","post","type-post","status-publish","format-standard","hentry","category-xxiv-skriftliga-kallor","tag-las-mer"],"_links":{"self":[{"href":"https:\/\/massakern.historiska.se\/index.php?rest_route=\/wp\/v2\/posts\/559","targetHints":{"allow":["GET"]}}],"collection":[{"href":"https:\/\/massakern.historiska.se\/index.php?rest_route=\/wp\/v2\/posts"}],"about":[{"href":"https:\/\/massakern.historiska.se\/index.php?rest_route=\/wp\/v2\/types\/post"}],"author":[{"embeddable":true,"href":"https:\/\/massakern.historiska.se\/index.php?rest_route=\/wp\/v2\/users\/3"}],"replies":[{"embeddable":true,"href":"https:\/\/massakern.historiska.se\/index.php?rest_route=%2Fwp%2Fv2%2Fcomments&post=559"}],"version-history":[{"count":4,"href":"https:\/\/massakern.historiska.se\/index.php?rest_route=\/wp\/v2\/posts\/559\/revisions"}],"predecessor-version":[{"id":656,"href":"https:\/\/massakern.historiska.se\/index.php?rest_route=\/wp\/v2\/posts\/559\/revisions\/656"}],"wp:attachment":[{"href":"https:\/\/massakern.historiska.se\/index.php?rest_route=%2Fwp%2Fv2%2Fmedia&parent=559"}],"wp:term":[{"taxonomy":"category","embeddable":true,"href":"https:\/\/massakern.historiska.se\/index.php?rest_route=%2Fwp%2Fv2%2Fcategories&post=559"},{"taxonomy":"post_tag","embeddable":true,"href":"https:\/\/massakern.historiska.se\/index.php?rest_route=%2Fwp%2Fv2%2Ftags&post=559"}],"curies":[{"name":"wp","href":"https:\/\/api.w.org\/{rel}","templated":true}]}}