{"id":555,"date":"2013-01-08T16:43:46","date_gmt":"2013-01-08T16:43:46","guid":{"rendered":"http:\/\/massakern.historiska.se\/?p=555"},"modified":"2026-03-30T17:57:58","modified_gmt":"2026-03-30T17:57:58","slug":"fide-kyrka","status":"publish","type":"post","link":"https:\/\/massakern.historiska.se\/?p=555&handheld=true","title":{"rendered":"Fide kyrka"},"content":{"rendered":"<p><\/p>\n<h3>Fide kyrka<\/h3>\n<p>I Fide kyrka p\u00e5 Gotland, uppf\u00f6rd under 1200-talet, finns en kristusm\u00e5lning med en inskription som tolkats som en beskrivning av Valdemars h\u00e4rjningar: <em>\u201deDes sVCCense gens Ceca DoLens rVIt ense\u201d<\/em>, p\u00e5 svenska ungef\u00e4r <em>\u201dHusen \u00e4r stuckna i brand, ett lidande folk nedhugget \u2026\u201d\u00a0<\/em>Texten \u00e4r ett citat fr\u00e5n Klagovisorna i Gamla testamentet i Bibeln.<\/p>\n<p>De versala bokst\u00e4verna i texten bildar en sifferkod med romerska siffror \u2013 DVCCCDLVI \u2013 som om den l\u00e4ses siffra f\u00f6r siffra (eller bokstav f\u00f6r bokstav) blir:<br \/>\n500 + 5 + 100 + 100 + 100 + 500 + 50 + 5 + 1 = 1361<\/p>\n<p>P\u00e5 1990-talet hittades i Vadstena en nedskriven forts\u00e4ttning p\u00e5 inskriptionen fr\u00e5n Fide. I en avskrift fr\u00e5n 1400-talet st\u00e5r det: \u201d<em>\u2026 se en hunds like g\u00e5r h\u00e4rjande fram med sv\u00e4rd, och Gotland er\u00f6vras av danskar\u201d<\/em>.<\/p>","protected":false},"excerpt":{"rendered":"<p>Fide kyrka I Fide kyrka p\u00e5 Gotland, uppf\u00f6rd under 1200-talet, finns en kristusm\u00e5lning med en inskription som tolkats som en beskrivning av Valdemars h\u00e4rjningar: \u201deDes sVCCense gens Ceca DoLens rVIt ense\u201d, p\u00e5 svenska ungef\u00e4r \u201dHusen \u00e4r stuckna i brand, ett lidande folk nedhugget \u2026\u201d\u00a0Texten \u00e4r ett citat fr\u00e5n Klagovisorna i Gamla testamentet i Bibeln. De [&hellip;]<\/p>\n","protected":false},"author":3,"featured_media":0,"comment_status":"closed","ping_status":"closed","sticky":false,"template":"","format":"standard","meta":{"footnotes":""},"categories":[32],"tags":[6],"class_list":["post-555","post","type-post","status-publish","format-standard","hentry","category-xxiv-skriftliga-kallor","tag-las-mer"],"_links":{"self":[{"href":"https:\/\/massakern.historiska.se\/index.php?rest_route=\/wp\/v2\/posts\/555","targetHints":{"allow":["GET"]}}],"collection":[{"href":"https:\/\/massakern.historiska.se\/index.php?rest_route=\/wp\/v2\/posts"}],"about":[{"href":"https:\/\/massakern.historiska.se\/index.php?rest_route=\/wp\/v2\/types\/post"}],"author":[{"embeddable":true,"href":"https:\/\/massakern.historiska.se\/index.php?rest_route=\/wp\/v2\/users\/3"}],"replies":[{"embeddable":true,"href":"https:\/\/massakern.historiska.se\/index.php?rest_route=%2Fwp%2Fv2%2Fcomments&post=555"}],"version-history":[{"count":8,"href":"https:\/\/massakern.historiska.se\/index.php?rest_route=\/wp\/v2\/posts\/555\/revisions"}],"predecessor-version":[{"id":653,"href":"https:\/\/massakern.historiska.se\/index.php?rest_route=\/wp\/v2\/posts\/555\/revisions\/653"}],"wp:attachment":[{"href":"https:\/\/massakern.historiska.se\/index.php?rest_route=%2Fwp%2Fv2%2Fmedia&parent=555"}],"wp:term":[{"taxonomy":"category","embeddable":true,"href":"https:\/\/massakern.historiska.se\/index.php?rest_route=%2Fwp%2Fv2%2Fcategories&post=555"},{"taxonomy":"post_tag","embeddable":true,"href":"https:\/\/massakern.historiska.se\/index.php?rest_route=%2Fwp%2Fv2%2Ftags&post=555"}],"curies":[{"name":"wp","href":"https:\/\/api.w.org\/{rel}","templated":true}]}}