{"id":551,"date":"2013-01-10T16:39:00","date_gmt":"2013-01-10T16:39:00","guid":{"rendered":"http:\/\/massakern.historiska.se\/?p=551"},"modified":"2026-03-30T17:57:57","modified_gmt":"2026-03-30T17:57:57","slug":"las-mer-17","status":"publish","type":"post","link":"https:\/\/massakern.historiska.se\/?p=551&handheld=true","title":{"rendered":"L\u00e4s mer"},"content":{"rendered":"<p><\/p>\n<h3>Kr\u00f6nikor, brev och ber\u00e4ttelser<\/h3>\n<p>De historiska, skriftliga k\u00e4llorna kring invasionen 1361 best\u00e5r av brev, samtida kr\u00f6nikor och senare nedskrivna ber\u00e4ttelser. 23 ungef\u00e4r samtida dokument n\u00e4mner invasionen eller relaterade h\u00e4ndelser. K\u00e4llorna \u00e4r fr\u00e5n 1361 till 1420.<\/p>\n<p>Breven talar inte mycket om striderna, men ger en bild av h\u00e4ndelsef\u00f6rloppet i stort. De anger till exempel den danska h\u00e4rens f\u00f6rflyttningar och personer som deltog. Framf\u00f6r allt ger de en inblick i det politiska l\u00e4get. I en kr\u00f6nika fr\u00e5n franciskanermunkarna i Visby st\u00e5r datum f\u00f6r slag och antal stupade.<\/p>\n<p>Oavsett om texterna \u00e4r samtida eller skrevs l\u00e5ngt senare m\u00e5ste de l\u00e4sas k\u00e4llkritiskt. Ofta hade de ett politiskt syfte som p\u00e5verkar beskrivningen.\u00a0Det finns n\u00e5gra kr\u00f6nikor fr\u00e5n 1450-talet och fram\u00e5t d\u00e4r invasionen n\u00e4mns. Informationen i dem baseras p\u00e5 s\u00e4gner och \u00e4ldre texter.<\/p>","protected":false},"excerpt":{"rendered":"<p>Kr\u00f6nikor, brev och ber\u00e4ttelser De historiska, skriftliga k\u00e4llorna kring invasionen 1361 best\u00e5r av brev, samtida kr\u00f6nikor och senare nedskrivna ber\u00e4ttelser. 23 ungef\u00e4r samtida dokument n\u00e4mner invasionen eller relaterade h\u00e4ndelser. K\u00e4llorna \u00e4r fr\u00e5n 1361 till 1420. Breven talar inte mycket om striderna, men ger en bild av h\u00e4ndelsef\u00f6rloppet i stort. De anger till exempel den danska [&hellip;]<\/p>\n","protected":false},"author":3,"featured_media":0,"comment_status":"closed","ping_status":"closed","sticky":false,"template":"","format":"standard","meta":{"footnotes":""},"categories":[32],"tags":[6],"class_list":["post-551","post","type-post","status-publish","format-standard","hentry","category-xxiv-skriftliga-kallor","tag-las-mer"],"_links":{"self":[{"href":"https:\/\/massakern.historiska.se\/index.php?rest_route=\/wp\/v2\/posts\/551","targetHints":{"allow":["GET"]}}],"collection":[{"href":"https:\/\/massakern.historiska.se\/index.php?rest_route=\/wp\/v2\/posts"}],"about":[{"href":"https:\/\/massakern.historiska.se\/index.php?rest_route=\/wp\/v2\/types\/post"}],"author":[{"embeddable":true,"href":"https:\/\/massakern.historiska.se\/index.php?rest_route=\/wp\/v2\/users\/3"}],"replies":[{"embeddable":true,"href":"https:\/\/massakern.historiska.se\/index.php?rest_route=%2Fwp%2Fv2%2Fcomments&post=551"}],"version-history":[{"count":8,"href":"https:\/\/massakern.historiska.se\/index.php?rest_route=\/wp\/v2\/posts\/551\/revisions"}],"predecessor-version":[{"id":1770,"href":"https:\/\/massakern.historiska.se\/index.php?rest_route=\/wp\/v2\/posts\/551\/revisions\/1770"}],"wp:attachment":[{"href":"https:\/\/massakern.historiska.se\/index.php?rest_route=%2Fwp%2Fv2%2Fmedia&parent=551"}],"wp:term":[{"taxonomy":"category","embeddable":true,"href":"https:\/\/massakern.historiska.se\/index.php?rest_route=%2Fwp%2Fv2%2Fcategories&post=551"},{"taxonomy":"post_tag","embeddable":true,"href":"https:\/\/massakern.historiska.se\/index.php?rest_route=%2Fwp%2Fv2%2Ftags&post=551"}],"curies":[{"name":"wp","href":"https:\/\/api.w.org\/{rel}","templated":true}]}}