{"id":511,"date":"2013-01-05T13:26:55","date_gmt":"2013-01-05T13:26:55","guid":{"rendered":"http:\/\/massakern.historiska.se\/?p=511"},"modified":"2026-03-30T17:57:59","modified_gmt":"2026-03-30T17:57:59","slug":"visby-hansastaden","status":"publish","type":"post","link":"https:\/\/massakern.historiska.se\/?p=511&handheld=true","title":{"rendered":"Visby f\u00f6rblir en Hansastad"},"content":{"rendered":"<p><\/p>\n<h3>Visby f\u00f6rblir en stad i Hansan<\/h3>\n<p>Trots kung Valdemars \u00f6verl\u00e4gsna seger och framg\u00e5ngsrika invasion av Gotland tycks Danmark inte haft n\u00e5got starkt grepp \u00f6ver \u00f6n efter\u00e5t. Det verkar som om livet innanf\u00f6r stadsmuren i Visby ganska snart \u00e5tergick till det normala. Medan landsbygden l\u00e4nge fick leva med effekterna.<\/p>\n<p>Handelsm\u00e4nnen var fortsatt lojala mot den tyska Hansan. Under de kommande \u00e5ren ska Visby ha betalat skatt till Hansan och d\u00e4rmed delfinansierat handelsorganisationens krig mot den danske kungen.<\/p>\n<p>Danmark hade den formella makten \u00f6ver Gotland i n\u00e4stan 300 \u00e5r. Fr\u00e5n freden i Br\u00f6msebro 1645 har Gotland varit svenskt.<\/p>","protected":false},"excerpt":{"rendered":"<p>Visby f\u00f6rblir en stad i Hansan Trots kung Valdemars \u00f6verl\u00e4gsna seger och framg\u00e5ngsrika invasion av Gotland tycks Danmark inte haft n\u00e5got starkt grepp \u00f6ver \u00f6n efter\u00e5t. Det verkar som om livet innanf\u00f6r stadsmuren i Visby ganska snart \u00e5tergick till det normala. Medan landsbygden l\u00e4nge fick leva med effekterna. Handelsm\u00e4nnen var fortsatt lojala mot den tyska [&hellip;]<\/p>\n","protected":false},"author":3,"featured_media":0,"comment_status":"closed","ping_status":"closed","sticky":false,"template":"","format":"standard","meta":{"footnotes":""},"categories":[27],"tags":[6],"class_list":["post-511","post","type-post","status-publish","format-standard","hentry","category-xiv-visby-slar-upp-portarna","tag-las-mer"],"_links":{"self":[{"href":"https:\/\/massakern.historiska.se\/index.php?rest_route=\/wp\/v2\/posts\/511","targetHints":{"allow":["GET"]}}],"collection":[{"href":"https:\/\/massakern.historiska.se\/index.php?rest_route=\/wp\/v2\/posts"}],"about":[{"href":"https:\/\/massakern.historiska.se\/index.php?rest_route=\/wp\/v2\/types\/post"}],"author":[{"embeddable":true,"href":"https:\/\/massakern.historiska.se\/index.php?rest_route=\/wp\/v2\/users\/3"}],"replies":[{"embeddable":true,"href":"https:\/\/massakern.historiska.se\/index.php?rest_route=%2Fwp%2Fv2%2Fcomments&post=511"}],"version-history":[{"count":6,"href":"https:\/\/massakern.historiska.se\/index.php?rest_route=\/wp\/v2\/posts\/511\/revisions"}],"predecessor-version":[{"id":1739,"href":"https:\/\/massakern.historiska.se\/index.php?rest_route=\/wp\/v2\/posts\/511\/revisions\/1739"}],"wp:attachment":[{"href":"https:\/\/massakern.historiska.se\/index.php?rest_route=%2Fwp%2Fv2%2Fmedia&parent=511"}],"wp:term":[{"taxonomy":"category","embeddable":true,"href":"https:\/\/massakern.historiska.se\/index.php?rest_route=%2Fwp%2Fv2%2Fcategories&post=511"},{"taxonomy":"post_tag","embeddable":true,"href":"https:\/\/massakern.historiska.se\/index.php?rest_route=%2Fwp%2Fv2%2Ftags&post=511"}],"curies":[{"name":"wp","href":"https:\/\/api.w.org\/{rel}","templated":true}]}}