{"id":507,"date":"2013-01-08T13:22:41","date_gmt":"2013-01-08T13:22:41","guid":{"rendered":"http:\/\/massakern.historiska.se\/?p=507"},"modified":"2026-03-30T17:57:59","modified_gmt":"2026-03-30T17:57:59","slug":"segerherren","status":"publish","type":"post","link":"https:\/\/massakern.historiska.se\/?p=507&handheld=true","title":{"rendered":"Segerherren"},"content":{"rendered":"<p><\/p>\n<h3>Segerherren kung Valdemar Atterdag<\/h3>\n<p>Danmark var under 1300-talets f\u00f6rsta \u00e5rtionden ett land i s\u00f6nderfall och saknade kung under \u00e5tta \u00e5r. N\u00e4stan alla landomr\u00e5den hade pantsatts till tyska furstar.<br \/>\nMordet p\u00e5 en av dem 1340 banade v\u00e4g f\u00f6r valet av Valdemar till landets kung samma \u00e5r. Han l\u00f6ste panter, ingick allianser, krigade och \u00e5teruppr\u00e4ttade och enade Danmark. Han var dansk kung fram till sin d\u00f6d 1375.<\/p>\n<p>Varf\u00f6r han kallas \u201dAtterdag\u201d vet vi inte. En tolkning \u00e4r \u201d\u00e5ter dag\u201d och att uttrycket st\u00e5r f\u00f6r att det \u00e5ter skulle dagas f\u00f6r Danmark. Troligare \u00e4r att det syftar p\u00e5 ett favorituttryck hos kungen, \u201ddes dages\u201d, ungef\u00e4r \u201dvilka tider\u201d.<\/p>\n<p>Valdemars dotter Margareta blev 1389 drottning \u00f6ver Sverige, Danmark och Norge, och d\u00e4rmed en av historiens m\u00e4ktigaste kvinnor i Skandinavien.<\/p>","protected":false},"excerpt":{"rendered":"<p>Segerherren kung Valdemar Atterdag Danmark var under 1300-talets f\u00f6rsta \u00e5rtionden ett land i s\u00f6nderfall och saknade kung under \u00e5tta \u00e5r. N\u00e4stan alla landomr\u00e5den hade pantsatts till tyska furstar. Mordet p\u00e5 en av dem 1340 banade v\u00e4g f\u00f6r valet av Valdemar till landets kung samma \u00e5r. Han l\u00f6ste panter, ingick allianser, krigade och \u00e5teruppr\u00e4ttade och enade [&hellip;]<\/p>\n","protected":false},"author":3,"featured_media":0,"comment_status":"closed","ping_status":"closed","sticky":false,"template":"","format":"standard","meta":{"footnotes":""},"categories":[27],"tags":[6],"class_list":["post-507","post","type-post","status-publish","format-standard","hentry","category-xiv-visby-slar-upp-portarna","tag-las-mer"],"_links":{"self":[{"href":"https:\/\/massakern.historiska.se\/index.php?rest_route=\/wp\/v2\/posts\/507","targetHints":{"allow":["GET"]}}],"collection":[{"href":"https:\/\/massakern.historiska.se\/index.php?rest_route=\/wp\/v2\/posts"}],"about":[{"href":"https:\/\/massakern.historiska.se\/index.php?rest_route=\/wp\/v2\/types\/post"}],"author":[{"embeddable":true,"href":"https:\/\/massakern.historiska.se\/index.php?rest_route=\/wp\/v2\/users\/3"}],"replies":[{"embeddable":true,"href":"https:\/\/massakern.historiska.se\/index.php?rest_route=%2Fwp%2Fv2%2Fcomments&post=507"}],"version-history":[{"count":12,"href":"https:\/\/massakern.historiska.se\/index.php?rest_route=\/wp\/v2\/posts\/507\/revisions"}],"predecessor-version":[{"id":1591,"href":"https:\/\/massakern.historiska.se\/index.php?rest_route=\/wp\/v2\/posts\/507\/revisions\/1591"}],"wp:attachment":[{"href":"https:\/\/massakern.historiska.se\/index.php?rest_route=%2Fwp%2Fv2%2Fmedia&parent=507"}],"wp:term":[{"taxonomy":"category","embeddable":true,"href":"https:\/\/massakern.historiska.se\/index.php?rest_route=%2Fwp%2Fv2%2Fcategories&post=507"},{"taxonomy":"post_tag","embeddable":true,"href":"https:\/\/massakern.historiska.se\/index.php?rest_route=%2Fwp%2Fv2%2Ftags&post=507"}],"curies":[{"name":"wp","href":"https:\/\/api.w.org\/{rel}","templated":true}]}}