{"id":504,"date":"2013-01-09T13:18:47","date_gmt":"2013-01-09T13:18:47","guid":{"rendered":"http:\/\/massakern.historiska.se\/?p=504"},"modified":"2026-03-30T17:57:58","modified_gmt":"2026-03-30T17:57:58","slug":"stangda-eller-oppna-portar","status":"publish","type":"post","link":"https:\/\/massakern.historiska.se\/?p=504&handheld=true","title":{"rendered":"St\u00e4ngda eller \u00f6ppna portar?"},"content":{"rendered":"<p><\/p>\n<h3>St\u00e4ngdes Visbys portar f\u00f6r b\u00f6nderna?<\/h3>\n<p>Vi vet inte om stadsborna verkligen st\u00e4ngde ute bondeh\u00e4ren. Vad h\u00e4nde efter slaget vid M\u00e4sterby den 24-25 juli och fram till den 27 d\u00e5 slaget stod utanf\u00f6r murarna?<\/p>\n<p>Det finns flera t\u00e4nkbara h\u00e4ndelsef\u00f6rlopp:<br \/>\n1\/ Efter striderna vid M\u00e4sterby jagar danskarna efter gotl\u00e4nningarna mot Visby. B\u00f6ndernas \u00e5terst\u00e5ende styrkor kan ha dragit mot staden f\u00f6r att m\u00f6ta anslutande trupper fr\u00e5n norra Gotland. F\u00f6r att hindra bondeh\u00e4ren att hinna innanf\u00f6r stadsmurarna anf\u00f6ll Valdemar direkt.<\/p>\n<p>2\/ B\u00f6nderna hann fram till Visby f\u00f6re danskarna \u2013 och blev insl\u00e4ppta. Men varf\u00f6r skulle de l\u00e4mna skyddet och m\u00f6ta fienden p\u00e5 \u00f6ppen mark? En l\u00e5ng bel\u00e4gring hade inneburit sv\u00e4lt. Alla innanf\u00f6r murarna hade drabbats h\u00e5rt n\u00e4r staden till slut tvingats ge upp. Kanske valde b\u00f6nderna att l\u00e4mna staden och m\u00f6ta fienden utanf\u00f6r muren?<\/p>\n<p>3\/ Stadsborna valde att h\u00e5lla portarna st\u00e4ngda. F\u00f6rmodligen f\u00f6r att inte bli indragna i striderna. Borgarna anade att de skulle komma lindrigare undan med sin passivitet. I modern forskning har mots\u00e4ttningarna mellan b\u00f6nder och Visbys handelsm\u00e4n fr\u00e5n inb\u00f6rdeskriget 1288 lyfts fram. Och att den konflikten l\u00e5g bakom beslutet.<\/p>","protected":false},"excerpt":{"rendered":"<p>St\u00e4ngdes Visbys portar f\u00f6r b\u00f6nderna? Vi vet inte om stadsborna verkligen st\u00e4ngde ute bondeh\u00e4ren. Vad h\u00e4nde efter slaget vid M\u00e4sterby den 24-25 juli och fram till den 27 d\u00e5 slaget stod utanf\u00f6r murarna? Det finns flera t\u00e4nkbara h\u00e4ndelsef\u00f6rlopp: 1\/ Efter striderna vid M\u00e4sterby jagar danskarna efter gotl\u00e4nningarna mot Visby. B\u00f6ndernas \u00e5terst\u00e5ende styrkor kan ha dragit [&hellip;]<\/p>\n","protected":false},"author":3,"featured_media":0,"comment_status":"closed","ping_status":"closed","sticky":false,"template":"","format":"standard","meta":{"footnotes":""},"categories":[27],"tags":[6],"class_list":["post-504","post","type-post","status-publish","format-standard","hentry","category-xiv-visby-slar-upp-portarna","tag-las-mer"],"_links":{"self":[{"href":"https:\/\/massakern.historiska.se\/index.php?rest_route=\/wp\/v2\/posts\/504","targetHints":{"allow":["GET"]}}],"collection":[{"href":"https:\/\/massakern.historiska.se\/index.php?rest_route=\/wp\/v2\/posts"}],"about":[{"href":"https:\/\/massakern.historiska.se\/index.php?rest_route=\/wp\/v2\/types\/post"}],"author":[{"embeddable":true,"href":"https:\/\/massakern.historiska.se\/index.php?rest_route=\/wp\/v2\/users\/3"}],"replies":[{"embeddable":true,"href":"https:\/\/massakern.historiska.se\/index.php?rest_route=%2Fwp%2Fv2%2Fcomments&post=504"}],"version-history":[{"count":4,"href":"https:\/\/massakern.historiska.se\/index.php?rest_route=\/wp\/v2\/posts\/504\/revisions"}],"predecessor-version":[{"id":1588,"href":"https:\/\/massakern.historiska.se\/index.php?rest_route=\/wp\/v2\/posts\/504\/revisions\/1588"}],"wp:attachment":[{"href":"https:\/\/massakern.historiska.se\/index.php?rest_route=%2Fwp%2Fv2%2Fmedia&parent=504"}],"wp:term":[{"taxonomy":"category","embeddable":true,"href":"https:\/\/massakern.historiska.se\/index.php?rest_route=%2Fwp%2Fv2%2Fcategories&post=504"},{"taxonomy":"post_tag","embeddable":true,"href":"https:\/\/massakern.historiska.se\/index.php?rest_route=%2Fwp%2Fv2%2Ftags&post=504"}],"curies":[{"name":"wp","href":"https:\/\/api.w.org\/{rel}","templated":true}]}}