{"id":501,"date":"2013-01-10T13:15:03","date_gmt":"2013-01-10T13:15:03","guid":{"rendered":"http:\/\/massakern.historiska.se\/?p=501"},"modified":"2026-03-30T17:57:58","modified_gmt":"2026-03-30T17:57:58","slug":"las-mer-13","status":"publish","type":"post","link":"https:\/\/massakern.historiska.se\/?p=501&handheld=true","title":{"rendered":"L\u00e4s mer"},"content":{"rendered":"<p><\/p>\n<h3>Dagarna efter slaget<\/h3>\n<p>Vad som h\u00e4nde efter slaget vet vi inte. Men den 29 juli red kung Valdemar och hans son Kristoffer in i Visby stad.\u00a0Hur mycket kontakt hade parterna, f\u00f6rhandlade de? Med 1 800 stupade utanf\u00f6r murarna var det inte konstigt att staden s\u00e5g fortsatt motst\u00e5nd som meningsl\u00f6st.<\/p>\n<p>Den 29 juli skriver Valdemar ett \u201dprivilegiebrev\u201d som beskriver villkoren f\u00f6r den besegrade staden. En avskrift fr\u00e5n 1425 finns bevarad.\u00a0Kungen <em>\u201dstadf\u00e4ster alla de r\u00e4ttigheter och friheter f\u00f6r de visa och hederliga m\u00e4n, borgm\u00e4stare, r\u00e5dm\u00e4n och hela borgerskapet i v\u00e5r stad Visby, v\u00e5rt k\u00e4ra och trofasta folk, som de haft fr\u00e5n gammal tid.\u201d<\/em> (Citatet h\u00e4mtat ur Gun Westholms bok \u201dVisby 1361 Invasionen\u201d.)<\/p>\n<p>\u201dBrandskattningen\u201d av staden, som den beskrivs p\u00e5 tavlan av Hellqvist i b\u00f6rjan av utst\u00e4llningen, finns det inget bel\u00e4gg f\u00f6r.<\/p>","protected":false},"excerpt":{"rendered":"<p>Dagarna efter slaget Vad som h\u00e4nde efter slaget vet vi inte. Men den 29 juli red kung Valdemar och hans son Kristoffer in i Visby stad.\u00a0Hur mycket kontakt hade parterna, f\u00f6rhandlade de? Med 1 800 stupade utanf\u00f6r murarna var det inte konstigt att staden s\u00e5g fortsatt motst\u00e5nd som meningsl\u00f6st. Den 29 juli skriver Valdemar ett [&hellip;]<\/p>\n","protected":false},"author":3,"featured_media":0,"comment_status":"closed","ping_status":"closed","sticky":false,"template":"","format":"standard","meta":{"footnotes":""},"categories":[27],"tags":[6],"class_list":["post-501","post","type-post","status-publish","format-standard","hentry","category-xiv-visby-slar-upp-portarna","tag-las-mer"],"_links":{"self":[{"href":"https:\/\/massakern.historiska.se\/index.php?rest_route=\/wp\/v2\/posts\/501","targetHints":{"allow":["GET"]}}],"collection":[{"href":"https:\/\/massakern.historiska.se\/index.php?rest_route=\/wp\/v2\/posts"}],"about":[{"href":"https:\/\/massakern.historiska.se\/index.php?rest_route=\/wp\/v2\/types\/post"}],"author":[{"embeddable":true,"href":"https:\/\/massakern.historiska.se\/index.php?rest_route=\/wp\/v2\/users\/3"}],"replies":[{"embeddable":true,"href":"https:\/\/massakern.historiska.se\/index.php?rest_route=%2Fwp%2Fv2%2Fcomments&post=501"}],"version-history":[{"count":6,"href":"https:\/\/massakern.historiska.se\/index.php?rest_route=\/wp\/v2\/posts\/501\/revisions"}],"predecessor-version":[{"id":1587,"href":"https:\/\/massakern.historiska.se\/index.php?rest_route=\/wp\/v2\/posts\/501\/revisions\/1587"}],"wp:attachment":[{"href":"https:\/\/massakern.historiska.se\/index.php?rest_route=%2Fwp%2Fv2%2Fmedia&parent=501"}],"wp:term":[{"taxonomy":"category","embeddable":true,"href":"https:\/\/massakern.historiska.se\/index.php?rest_route=%2Fwp%2Fv2%2Fcategories&post=501"},{"taxonomy":"post_tag","embeddable":true,"href":"https:\/\/massakern.historiska.se\/index.php?rest_route=%2Fwp%2Fv2%2Ftags&post=501"}],"curies":[{"name":"wp","href":"https:\/\/api.w.org\/{rel}","templated":true}]}}