{"id":499,"date":"2013-01-08T11:49:24","date_gmt":"2013-01-08T11:49:24","guid":{"rendered":"http:\/\/massakern.historiska.se\/?p=499"},"modified":"2026-03-30T17:57:59","modified_gmt":"2026-03-30T17:57:59","slug":"konsekvenserna","status":"publish","type":"post","link":"https:\/\/massakern.historiska.se\/?p=499&handheld=true","title":{"rendered":"Konsekvenserna"},"content":{"rendered":"<p><\/p>\n<h3>L\u00e5ngvariga konsekvenser f\u00f6r Gotland<\/h3>\n<p>Kanske h\u00e4lften av de gotl\u00e4ndska m\u00e4nnen p\u00e5 landsbygden hade d\u00f6tt. Underskottet av m\u00e4n gjorde att kvinnor och barn fick ta hand om jordbruket och f\u00f6rs\u00f6ka klara vardagen p\u00e5 m\u00e5nga g\u00e5rdar.<\/p>\n<p>Den danska invasionen p\u00e5verkade Gotland under generationer fram\u00f6ver. Fr\u00e5n mitten av 1300-talet byggs inga nya kyrkor. \u00d6n var ocks\u00e5 milit\u00e4rt krossad. Soldater och sj\u00f6r\u00f6vare anv\u00e4nde den som bas i \u00d6stersj\u00f6n under resten av seklet.\u00a0F\u00f6rst i b\u00f6rjan av 1400-talet etablerar Danmark en reell makt \u00f6ver Gotland.<\/p>","protected":false},"excerpt":{"rendered":"<p>L\u00e5ngvariga konsekvenser f\u00f6r Gotland Kanske h\u00e4lften av de gotl\u00e4ndska m\u00e4nnen p\u00e5 landsbygden hade d\u00f6tt. Underskottet av m\u00e4n gjorde att kvinnor och barn fick ta hand om jordbruket och f\u00f6rs\u00f6ka klara vardagen p\u00e5 m\u00e5nga g\u00e5rdar. Den danska invasionen p\u00e5verkade Gotland under generationer fram\u00f6ver. Fr\u00e5n mitten av 1300-talet byggs inga nya kyrkor. \u00d6n var ocks\u00e5 milit\u00e4rt krossad. [&hellip;]<\/p>\n","protected":false},"author":3,"featured_media":0,"comment_status":"closed","ping_status":"closed","sticky":false,"template":"","format":"standard","meta":{"footnotes":""},"categories":[26],"tags":[6],"class_list":["post-499","post","type-post","status-publish","format-standard","hentry","category-xiii-efter-slaget-plundring","tag-las-mer"],"_links":{"self":[{"href":"https:\/\/massakern.historiska.se\/index.php?rest_route=\/wp\/v2\/posts\/499","targetHints":{"allow":["GET"]}}],"collection":[{"href":"https:\/\/massakern.historiska.se\/index.php?rest_route=\/wp\/v2\/posts"}],"about":[{"href":"https:\/\/massakern.historiska.se\/index.php?rest_route=\/wp\/v2\/types\/post"}],"author":[{"embeddable":true,"href":"https:\/\/massakern.historiska.se\/index.php?rest_route=\/wp\/v2\/users\/3"}],"replies":[{"embeddable":true,"href":"https:\/\/massakern.historiska.se\/index.php?rest_route=%2Fwp%2Fv2%2Fcomments&post=499"}],"version-history":[{"count":5,"href":"https:\/\/massakern.historiska.se\/index.php?rest_route=\/wp\/v2\/posts\/499\/revisions"}],"predecessor-version":[{"id":1740,"href":"https:\/\/massakern.historiska.se\/index.php?rest_route=\/wp\/v2\/posts\/499\/revisions\/1740"}],"wp:attachment":[{"href":"https:\/\/massakern.historiska.se\/index.php?rest_route=%2Fwp%2Fv2%2Fmedia&parent=499"}],"wp:term":[{"taxonomy":"category","embeddable":true,"href":"https:\/\/massakern.historiska.se\/index.php?rest_route=%2Fwp%2Fv2%2Fcategories&post=499"},{"taxonomy":"post_tag","embeddable":true,"href":"https:\/\/massakern.historiska.se\/index.php?rest_route=%2Fwp%2Fv2%2Ftags&post=499"}],"curies":[{"name":"wp","href":"https:\/\/api.w.org\/{rel}","templated":true}]}}