{"id":493,"date":"2013-01-10T11:44:30","date_gmt":"2013-01-10T11:44:30","guid":{"rendered":"http:\/\/massakern.historiska.se\/?p=493"},"modified":"2026-03-30T17:57:58","modified_gmt":"2026-03-30T17:57:58","slug":"las-mer-12","status":"publish","type":"post","link":"https:\/\/massakern.historiska.se\/?p=493&handheld=true","title":{"rendered":"L\u00e4s mer"},"content":{"rendered":"<p><\/p>\n<h3>\u201dEn hunds like g\u00e5r h\u00e4rjande fram\u201d<\/h3>\n<p>Att danskarna plundrade den gotl\u00e4ndska landsbygden efter segern \u00e4r troligt. Dels hoppades de p\u00e5 att hitta krigsbyte, dels kr\u00e4vde trupperna f\u00f6rn\u00f6denheter. Om n\u00e5got motst\u00e5nd fanns kvar slogs det ned brutalt. Mest kvinnor och barn fanns kvar p\u00e5 g\u00e5rdarna. Ett exempel \u00e4r g\u00e5rden Stora Hellvigs.<\/p>\n<p>En n\u00e4stan samtida svensk k\u00e4lla uppger att Kung Valdemar <em>\u201dmedf\u00f6rde en kostlig skatt i guld och silver, som han tagit fr\u00e5n staden och landet\u201d<\/em>.<\/p>\n<p>En text fr\u00e5n Fide kyrka, p\u00e5 det smala n\u00e4set mellan s\u00f6dra Gotland och \u00f6vriga \u00f6n, har tolkats som en beskrivning av danskarnas plundringar: <em>\u201dHusen \u00e4r stuckna i brand, ett lidande folk nedhugget \u2026 se, en hunds like g\u00e5r h\u00e4rjande fram med sv\u00e4rd, och Gotland er\u00f6vras av danskar.\u201d<\/em><\/p>","protected":false},"excerpt":{"rendered":"<p>\u201dEn hunds like g\u00e5r h\u00e4rjande fram\u201d Att danskarna plundrade den gotl\u00e4ndska landsbygden efter segern \u00e4r troligt. Dels hoppades de p\u00e5 att hitta krigsbyte, dels kr\u00e4vde trupperna f\u00f6rn\u00f6denheter. Om n\u00e5got motst\u00e5nd fanns kvar slogs det ned brutalt. Mest kvinnor och barn fanns kvar p\u00e5 g\u00e5rdarna. Ett exempel \u00e4r g\u00e5rden Stora Hellvigs. En n\u00e4stan samtida svensk k\u00e4lla [&hellip;]<\/p>\n","protected":false},"author":3,"featured_media":0,"comment_status":"closed","ping_status":"closed","sticky":false,"template":"","format":"standard","meta":{"footnotes":""},"categories":[26],"tags":[6],"class_list":["post-493","post","type-post","status-publish","format-standard","hentry","category-xiii-efter-slaget-plundring","tag-las-mer"],"_links":{"self":[{"href":"https:\/\/massakern.historiska.se\/index.php?rest_route=\/wp\/v2\/posts\/493","targetHints":{"allow":["GET"]}}],"collection":[{"href":"https:\/\/massakern.historiska.se\/index.php?rest_route=\/wp\/v2\/posts"}],"about":[{"href":"https:\/\/massakern.historiska.se\/index.php?rest_route=\/wp\/v2\/types\/post"}],"author":[{"embeddable":true,"href":"https:\/\/massakern.historiska.se\/index.php?rest_route=\/wp\/v2\/users\/3"}],"replies":[{"embeddable":true,"href":"https:\/\/massakern.historiska.se\/index.php?rest_route=%2Fwp%2Fv2%2Fcomments&post=493"}],"version-history":[{"count":5,"href":"https:\/\/massakern.historiska.se\/index.php?rest_route=\/wp\/v2\/posts\/493\/revisions"}],"predecessor-version":[{"id":1572,"href":"https:\/\/massakern.historiska.se\/index.php?rest_route=\/wp\/v2\/posts\/493\/revisions\/1572"}],"wp:attachment":[{"href":"https:\/\/massakern.historiska.se\/index.php?rest_route=%2Fwp%2Fv2%2Fmedia&parent=493"}],"wp:term":[{"taxonomy":"category","embeddable":true,"href":"https:\/\/massakern.historiska.se\/index.php?rest_route=%2Fwp%2Fv2%2Fcategories&post=493"},{"taxonomy":"post_tag","embeddable":true,"href":"https:\/\/massakern.historiska.se\/index.php?rest_route=%2Fwp%2Fv2%2Ftags&post=493"}],"curies":[{"name":"wp","href":"https:\/\/api.w.org\/{rel}","templated":true}]}}