{"id":486,"date":"2013-01-06T11:35:27","date_gmt":"2013-01-06T11:35:27","guid":{"rendered":"http:\/\/massakern.historiska.se\/?p=486"},"modified":"2026-03-30T17:57:59","modified_gmt":"2026-03-30T17:57:59","slug":"fanns-pstd-1361","status":"publish","type":"post","link":"https:\/\/massakern.historiska.se\/?p=486&handheld=true","title":{"rendered":"Posttraumatisk stress"},"content":{"rendered":"<p><\/p>\n<h3>Fanns posttraumatiskt stressyndrom 1361?<\/h3>\n<p>M\u00e5nga av de b\u00f6nder och soldater som \u00f6verlevde slaget vid muren 1361 drabbades s\u00e4kert av psykisk oh\u00e4lsa. Men det \u00e4r f\u00f6rst i modern tid som krigets psykiska effekter hos soldater i krig har uppm\u00e4rksammats.<\/p>\n<p>Posttraumatiska stressyndrom, PTSD (Post Traumatic Stress Disorder), yttrar sig i stark \u00e5ngest och stress. PTSD f\u00f6rekommer efter d\u00f6dshotande traumatiska h\u00e4ndelser och kan leda till l\u00e5ngvarig depression och sj\u00e4lvmord.\u00a0I USA tog en krigsveteran sitt liv n\u00e4stan en g\u00e5ng i timmen under 2012.*<\/p>\n<p>Hur m\u00e5nga av de \u00f6verlevande begick nya v\u00e5ldshandlingar eller tog livet av sig efter slaget 1361? Drabbades gotl\u00e4nningarna v\u00e4rre \u00e4n Valdemars yrkessoldater?<\/p>\n<p><em style=\"line-height: 1.5;\">*K\u00e4llor:\u00a0US Department of Veterans Affairs,\u00a0The Huffington Post<\/em><\/p>","protected":false},"excerpt":{"rendered":"<p>Fanns posttraumatiskt stressyndrom 1361? M\u00e5nga av de b\u00f6nder och soldater som \u00f6verlevde slaget vid muren 1361 drabbades s\u00e4kert av psykisk oh\u00e4lsa. Men det \u00e4r f\u00f6rst i modern tid som krigets psykiska effekter hos soldater i krig har uppm\u00e4rksammats. Posttraumatiska stressyndrom, PTSD (Post Traumatic Stress Disorder), yttrar sig i stark \u00e5ngest och stress. PTSD f\u00f6rekommer efter [&hellip;]<\/p>\n","protected":false},"author":3,"featured_media":0,"comment_status":"closed","ping_status":"closed","sticky":false,"template":"","format":"standard","meta":{"footnotes":""},"categories":[26],"tags":[6],"class_list":["post-486","post","type-post","status-publish","format-standard","hentry","category-xiii-efter-slaget-plundring","tag-las-mer"],"_links":{"self":[{"href":"https:\/\/massakern.historiska.se\/index.php?rest_route=\/wp\/v2\/posts\/486","targetHints":{"allow":["GET"]}}],"collection":[{"href":"https:\/\/massakern.historiska.se\/index.php?rest_route=\/wp\/v2\/posts"}],"about":[{"href":"https:\/\/massakern.historiska.se\/index.php?rest_route=\/wp\/v2\/types\/post"}],"author":[{"embeddable":true,"href":"https:\/\/massakern.historiska.se\/index.php?rest_route=\/wp\/v2\/users\/3"}],"replies":[{"embeddable":true,"href":"https:\/\/massakern.historiska.se\/index.php?rest_route=%2Fwp%2Fv2%2Fcomments&post=486"}],"version-history":[{"count":14,"href":"https:\/\/massakern.historiska.se\/index.php?rest_route=\/wp\/v2\/posts\/486\/revisions"}],"predecessor-version":[{"id":1058,"href":"https:\/\/massakern.historiska.se\/index.php?rest_route=\/wp\/v2\/posts\/486\/revisions\/1058"}],"wp:attachment":[{"href":"https:\/\/massakern.historiska.se\/index.php?rest_route=%2Fwp%2Fv2%2Fmedia&parent=486"}],"wp:term":[{"taxonomy":"category","embeddable":true,"href":"https:\/\/massakern.historiska.se\/index.php?rest_route=%2Fwp%2Fv2%2Fcategories&post=486"},{"taxonomy":"post_tag","embeddable":true,"href":"https:\/\/massakern.historiska.se\/index.php?rest_route=%2Fwp%2Fv2%2Ftags&post=486"}],"curies":[{"name":"wp","href":"https:\/\/api.w.org\/{rel}","templated":true}]}}