{"id":466,"date":"2013-01-08T09:45:38","date_gmt":"2013-01-08T09:45:38","guid":{"rendered":"http:\/\/massakern.historiska.se\/?p=466"},"modified":"2026-03-30T17:57:59","modified_gmt":"2026-03-30T17:57:59","slug":"valdemar-och-trollkaringen","status":"publish","type":"post","link":"https:\/\/massakern.historiska.se\/?p=466&handheld=true","title":{"rendered":"Valdemar och trollk\u00e4ringen"},"content":{"rendered":"<p><\/p>\n<h3>Valdemar och trollk\u00e4ringen vid Ajmunds bro<\/h3>\n<p>Enligt en s\u00e4gen hade kung Valdemar varit p\u00e5 Gotland och spionerat redan \u00e5ret f\u00f6re invasionen. Han kn\u00f6t d\u00e5 kontakter med f\u00f6rr\u00e4dare och tr\u00e4ffade en trollk\u00e4ring.<\/p>\n<p>N\u00e4r trollk\u00e4ringen h\u00f6rde Valdemar skryta och skr\u00e4vla sade hon till honom att han aldrig skulle kunna inta Gotland. Den sluge Valdemar f\u00f6reslog d\u00e5 att hon skulle hj\u00e4lpa honom att er\u00f6vra s\u00f6dra Gotland och Visby mot att han lovade skona folk och hus i norr.<\/p>\n<p>K\u00e4rringen gick med p\u00e5 detta och satte sig under Ajmunds bro. Hon f\u00f6rtrollade de gotl\u00e4ndska m\u00e4n som gick \u00f6ver bron s\u00e5 att de blev modl\u00f6sa och svaga. Det skulle vara anledningen till att gotl\u00e4nningarna inte kunde stoppa danskarna vid M\u00e4sterby.\u00a0Men Valdemar h\u00f6ll inte sitt l\u00f6fte utan br\u00e4nde g\u00e5rdar och slog ihj\u00e4l \u00e4ven p\u00e5 norra Gotland.<\/p>","protected":false},"excerpt":{"rendered":"<p>Valdemar och trollk\u00e4ringen vid Ajmunds bro Enligt en s\u00e4gen hade kung Valdemar varit p\u00e5 Gotland och spionerat redan \u00e5ret f\u00f6re invasionen. Han kn\u00f6t d\u00e5 kontakter med f\u00f6rr\u00e4dare och tr\u00e4ffade en trollk\u00e4ring. N\u00e4r trollk\u00e4ringen h\u00f6rde Valdemar skryta och skr\u00e4vla sade hon till honom att han aldrig skulle kunna inta Gotland. Den sluge Valdemar f\u00f6reslog d\u00e5 att [&hellip;]<\/p>\n","protected":false},"author":3,"featured_media":0,"comment_status":"closed","ping_status":"closed","sticky":false,"template":"","format":"standard","meta":{"footnotes":""},"categories":[18],"tags":[6],"class_list":["post-466","post","type-post","status-publish","format-standard","hentry","category-v-slapp-inte-valdemar-over-bron","tag-las-mer"],"_links":{"self":[{"href":"https:\/\/massakern.historiska.se\/index.php?rest_route=\/wp\/v2\/posts\/466","targetHints":{"allow":["GET"]}}],"collection":[{"href":"https:\/\/massakern.historiska.se\/index.php?rest_route=\/wp\/v2\/posts"}],"about":[{"href":"https:\/\/massakern.historiska.se\/index.php?rest_route=\/wp\/v2\/types\/post"}],"author":[{"embeddable":true,"href":"https:\/\/massakern.historiska.se\/index.php?rest_route=\/wp\/v2\/users\/3"}],"replies":[{"embeddable":true,"href":"https:\/\/massakern.historiska.se\/index.php?rest_route=%2Fwp%2Fv2%2Fcomments&post=466"}],"version-history":[{"count":11,"href":"https:\/\/massakern.historiska.se\/index.php?rest_route=\/wp\/v2\/posts\/466\/revisions"}],"predecessor-version":[{"id":1753,"href":"https:\/\/massakern.historiska.se\/index.php?rest_route=\/wp\/v2\/posts\/466\/revisions\/1753"}],"wp:attachment":[{"href":"https:\/\/massakern.historiska.se\/index.php?rest_route=%2Fwp%2Fv2%2Fmedia&parent=466"}],"wp:term":[{"taxonomy":"category","embeddable":true,"href":"https:\/\/massakern.historiska.se\/index.php?rest_route=%2Fwp%2Fv2%2Fcategories&post=466"},{"taxonomy":"post_tag","embeddable":true,"href":"https:\/\/massakern.historiska.se\/index.php?rest_route=%2Fwp%2Fv2%2Ftags&post=466"}],"curies":[{"name":"wp","href":"https:\/\/api.w.org\/{rel}","templated":true}]}}