{"id":245,"date":"2013-01-08T13:27:47","date_gmt":"2013-01-08T13:27:47","guid":{"rendered":"http:\/\/massakern.historiska.se\/?p=245"},"modified":"2026-03-30T17:57:59","modified_gmt":"2026-03-30T17:57:59","slug":"varfor-inta-gotland","status":"publish","type":"post","link":"https:\/\/massakern.historiska.se\/?p=245&handheld=true","title":{"rendered":"Varf\u00f6r inta Gotland?"},"content":{"rendered":"<p><\/p>\n<h3>Varf\u00f6r ville Danmark ta Gotland?<\/h3>\n<p>I b\u00f6rjan av 1300-talet var Danmark bankrutt och s\u00f6ndrat. N\u00e4stan alla danska omr\u00e5den hade pantsatts till tyska furstar av Valdemars far kung Kristoffer II. Landet saknade kung mellan 1332 och 1340. Efter ett politiskt maktspel valdes Valdemar Atterdag till kung 1340. Hans m\u00e5l var att \u00e5teruppr\u00e4tta staten Danmark. Ett s\u00e4tt var att ta tillbaka pantsatta omr\u00e5den och er\u00f6vra delar av Sverige.<\/p>\n<p>Genom att betala sju ton silver till den tyske greven Johan av Holstein kunde Sveriges kung Magnus Eriksson ta \u00f6ver Sk\u00e5ne, Blekinge och s\u00f6dra Halland 1332.<\/p>\n<p>\u00c5r 1360 tog Valdemar tillbaka de tre landskapen i ett krig. \u00c5ret d\u00e4rp\u00e5 fortsatte han norrut mot \u00d6land och Gotland.<\/p>","protected":false},"excerpt":{"rendered":"<p>Varf\u00f6r ville Danmark ta Gotland? I b\u00f6rjan av 1300-talet var Danmark bankrutt och s\u00f6ndrat. N\u00e4stan alla danska omr\u00e5den hade pantsatts till tyska furstar av Valdemars far kung Kristoffer II. Landet saknade kung mellan 1332 och 1340. Efter ett politiskt maktspel valdes Valdemar Atterdag till kung 1340. Hans m\u00e5l var att \u00e5teruppr\u00e4tta staten Danmark. Ett s\u00e4tt [&hellip;]<\/p>\n","protected":false},"author":3,"featured_media":0,"comment_status":"closed","ping_status":"closed","sticky":false,"template":"","format":"standard","meta":{"footnotes":""},"categories":[14],"tags":[6],"class_list":["post-245","post","type-post","status-publish","format-standard","hentry","category-ii-kungen-varnar-visby","tag-las-mer"],"_links":{"self":[{"href":"https:\/\/massakern.historiska.se\/index.php?rest_route=\/wp\/v2\/posts\/245","targetHints":{"allow":["GET"]}}],"collection":[{"href":"https:\/\/massakern.historiska.se\/index.php?rest_route=\/wp\/v2\/posts"}],"about":[{"href":"https:\/\/massakern.historiska.se\/index.php?rest_route=\/wp\/v2\/types\/post"}],"author":[{"embeddable":true,"href":"https:\/\/massakern.historiska.se\/index.php?rest_route=\/wp\/v2\/users\/3"}],"replies":[{"embeddable":true,"href":"https:\/\/massakern.historiska.se\/index.php?rest_route=%2Fwp%2Fv2%2Fcomments&post=245"}],"version-history":[{"count":5,"href":"https:\/\/massakern.historiska.se\/index.php?rest_route=\/wp\/v2\/posts\/245\/revisions"}],"predecessor-version":[{"id":1527,"href":"https:\/\/massakern.historiska.se\/index.php?rest_route=\/wp\/v2\/posts\/245\/revisions\/1527"}],"wp:attachment":[{"href":"https:\/\/massakern.historiska.se\/index.php?rest_route=%2Fwp%2Fv2%2Fmedia&parent=245"}],"wp:term":[{"taxonomy":"category","embeddable":true,"href":"https:\/\/massakern.historiska.se\/index.php?rest_route=%2Fwp%2Fv2%2Fcategories&post=245"},{"taxonomy":"post_tag","embeddable":true,"href":"https:\/\/massakern.historiska.se\/index.php?rest_route=%2Fwp%2Fv2%2Ftags&post=245"}],"curies":[{"name":"wp","href":"https:\/\/api.w.org\/{rel}","templated":true}]}}