{"id":1741,"date":"2013-01-07T09:34:05","date_gmt":"2013-01-07T09:34:05","guid":{"rendered":"http:\/\/massakern.historiska.se\/?p=1741"},"modified":"2026-03-30T17:57:59","modified_gmt":"2026-03-30T17:57:59","slug":"gotland-1361-1645","status":"publish","type":"post","link":"https:\/\/massakern.historiska.se\/?p=1741&handheld=true","title":{"rendered":"Gotland 1361\u20131645"},"content":{"rendered":"<p><\/p>\n<h3>Makten \u00f6ver Gotland efter 1361<\/h3>\n<p><strong>1361<\/strong> Valdemar Atterdag kr\u00e4ver inget trohetsl\u00f6fte av Visby\/Gutatinget.\u00a0Ingen skatteh\u00f6jning f\u00f6r b\u00f6nderna.<\/p>\n<p><strong>1362<\/strong> Valdemar Atterdag omn\u00e4mns i ett dokument som kung av Gotland. Svenske kungen Magnus Eriksson g\u00f6r inga f\u00f6rs\u00f6k att \u00e5terta Gotland. \u00d6land d\u00e4remot \u00e5tertas av Sverige 1362.<\/p>\n<p><strong>1364<\/strong> Albrecht av Mecklenburg den yngre, som blev kung i Sverige efter Magnus Eriksson, anser sig \u00e4ga Gotland och pants\u00e4tter \u00f6n till furstehuset Holstein f\u00f6r att b\u00e4ttra p\u00e5 sina d\u00e5liga finanser.<\/p>\n<p><strong>1366<\/strong> En k\u00e4lla anger att Gotland, som hade intagits av Albrecht av Mecklenburg den yngre vid pingst, \u00e5terl\u00e4mnas till Valdemar Atterdag av Albrechts far, Albrecht av Mecklenburg den \u00e4ldre. Detta nonchaleras av sonen som forts\u00e4tter att betrakta Gotland som sitt territorium.<\/p>\n<p>1376 utses Olof, son till drottning Margareta och hennes make kung H\u00e5kan Magnusson, till tronf\u00f6ljare p\u00e5 Gotland, allts\u00e5 skulle Gotland vara danskt. Men Albrecht av Mecklenburg den yngre godk\u00e4nner inte detta och betraktar fortfarande Gotland som sitt.<\/p>\n<p><strong>1389<\/strong> blir Gotland en bas f\u00f6r \u201dVitaliebr\u00f6derna\u201d, en grupp pirater och sj\u00f6r\u00f6vare med ursprung i norra Tyskland. De st\u00f6der Albrecht av Mecklenburg den yngre som fortfarande sitter p\u00e5 slottet Tre kronor i Stockholm, trots att han avsatts som svensk kung av danska drottning Margareta och de svenska storm\u00e4nnen. Margareta, Valdemar Atterdags dotter, har erh\u00e5llit den svenska tronen samma \u00e5r.<\/p>\n<p><strong>1395<\/strong> I fredsf\u00f6rhandlingar med Margareta s\u00e4krar Albrecht av Mecklenburg den yngre r\u00e4tten till Visby med Visborgs slott, medan \u00f6vriga Gotland ska tillh\u00f6ra Danmark. Vitaliebr\u00f6derna \u00e4r kvar p\u00e5 Gotland. De f\u00f6rs\u00f6rjer sig p\u00e5 sj\u00f6r\u00f6veri under ledning av Albrecht.<\/p>\n<p><strong>1398<\/strong> Tyska Orden (en politisk, milit\u00e4r och ekonomisk organsation med inflytande fr\u00e5n Preussen upp i Baltikum) tar \u00f6ver Gotland genom att betala en l\u00f6sensumma och med milit\u00e4rt v\u00e5ld.<\/p>\n<p><strong>1408<\/strong> Tyska Orden l\u00e4mnar Gotland. Fortsatt danskt styre \u00f6ver \u00f6n.<\/p>\n<p><strong>1645<\/strong> Efter freden i Br\u00f6msebro kom Gotland att tillh\u00f6ra Sverige och s\u00e5 \u00e4r det alltj\u00e4mt.<\/p>\n<p><em>K\u00e4lla: Gun Westholms bok \u201dVisby 1361 Invasionen\u201d.<\/em><\/p>","protected":false},"excerpt":{"rendered":"<p>Makten \u00f6ver Gotland efter 1361 1361 Valdemar Atterdag kr\u00e4ver inget trohetsl\u00f6fte av Visby\/Gutatinget.\u00a0Ingen skatteh\u00f6jning f\u00f6r b\u00f6nderna. 1362 Valdemar Atterdag omn\u00e4mns i ett dokument som kung av Gotland. Svenske kungen Magnus Eriksson g\u00f6r inga f\u00f6rs\u00f6k att \u00e5terta Gotland. \u00d6land d\u00e4remot \u00e5tertas av Sverige 1362. 1364 Albrecht av Mecklenburg den yngre, som blev kung i Sverige efter [&hellip;]<\/p>\n","protected":false},"author":3,"featured_media":0,"comment_status":"closed","ping_status":"closed","sticky":false,"template":"","format":"standard","meta":{"footnotes":""},"categories":[26],"tags":[6],"class_list":["post-1741","post","type-post","status-publish","format-standard","hentry","category-xiii-efter-slaget-plundring","tag-las-mer"],"_links":{"self":[{"href":"https:\/\/massakern.historiska.se\/index.php?rest_route=\/wp\/v2\/posts\/1741","targetHints":{"allow":["GET"]}}],"collection":[{"href":"https:\/\/massakern.historiska.se\/index.php?rest_route=\/wp\/v2\/posts"}],"about":[{"href":"https:\/\/massakern.historiska.se\/index.php?rest_route=\/wp\/v2\/types\/post"}],"author":[{"embeddable":true,"href":"https:\/\/massakern.historiska.se\/index.php?rest_route=\/wp\/v2\/users\/3"}],"replies":[{"embeddable":true,"href":"https:\/\/massakern.historiska.se\/index.php?rest_route=%2Fwp%2Fv2%2Fcomments&post=1741"}],"version-history":[{"count":5,"href":"https:\/\/massakern.historiska.se\/index.php?rest_route=\/wp\/v2\/posts\/1741\/revisions"}],"predecessor-version":[{"id":1780,"href":"https:\/\/massakern.historiska.se\/index.php?rest_route=\/wp\/v2\/posts\/1741\/revisions\/1780"}],"wp:attachment":[{"href":"https:\/\/massakern.historiska.se\/index.php?rest_route=%2Fwp%2Fv2%2Fmedia&parent=1741"}],"wp:term":[{"taxonomy":"category","embeddable":true,"href":"https:\/\/massakern.historiska.se\/index.php?rest_route=%2Fwp%2Fv2%2Fcategories&post=1741"},{"taxonomy":"post_tag","embeddable":true,"href":"https:\/\/massakern.historiska.se\/index.php?rest_route=%2Fwp%2Fv2%2Ftags&post=1741"}],"curies":[{"name":"wp","href":"https:\/\/api.w.org\/{rel}","templated":true}]}}